{"id":1464,"date":"2015-09-11T07:19:58","date_gmt":"2015-09-11T07:19:58","guid":{"rendered":"http:\/\/kp.janwizerunek.pl\/?p=1464"},"modified":"2015-09-11T07:19:58","modified_gmt":"2015-09-11T07:19:58","slug":"zlota-odznaka-dla-biskupa","status":"publish","type":"post","link":"https:\/\/kosciolpokoju.pl\/en\/blog\/2015\/09\/11\/zlota-odznaka-dla-biskupa\/","title":{"rendered":"Z\u0142ota odznaka dla biskupa"},"content":{"rendered":"<p><strong>\u201eW uznaniu szczeg\u00f3lnych zas\u0142ug za ochron\u0119 sakralnego dziedzictwa kulturowego Dolnego \u015al\u0105ska\u201d &#8211; z takim uzasadnieniem Stowarzyszenie Konserwator\u00f3w Zabytk\u00f3w przyzna\u0142o z\u0142ot\u0105 odznak\u0119 biskupowi Waldemarowi Pytlowi.<\/strong> <!--more--><\/p>\n<p>Dzie\u0144 p\u00f3\u017aniej, 10 wrze\u015bnia grupa specjalist\u00f3w w zakresie ochrony obiekt\u00f3w drewnianych zwiedzi\u0142a Ko\u015bci\u00f3\u0142 Pokoju. Go\u015bcie m.in. z Japonii, Korei P\u0142d. i Meksyku uczestniczyli w trzydniowej konferencji \u201eShatis 2015\u201d na Politechnice Wroc\u0142awskiej, po raz pierwszy zorganizowanej w Polsce. Jest ona okazj\u0105 do poznania aktualnych bada\u0144 dotycz\u0105cych ochrony historycznych obiekt\u00f3w drewnianych na ca\u0142ym \u015bwiecie.<br \/>\n&#8211; Wiele z tych budowli stracili\u015bmy bezpowrotnie z powodu trz\u0119sie\u0144 ziemi, po\u017car\u00f3w albo zniszcze\u0144 dokonanych przez ludzi \u2013 m\u00f3wi\u0142 prof. Jerzy Jasie\u0144ko z Politechniki Wroc\u0142awskiej. \u2013 Tym bardziej trzeba podkre\u015bli\u0107 potrzeb\u0119 rozszerzenia wiedzy na temat ich ochrony.<\/p>\n","protected":false},"excerpt":{"rendered":"<p>\u201eW uznaniu szczeg\u00f3lnych zas\u0142ug za ochron\u0119 sakralnego dziedzictwa kulturowego Dolnego \u015al\u0105ska\u201d &#8211; z takim uzasadnieniem Stowarzyszenie Konserwator\u00f3w Zabytk\u00f3w przyzna\u0142o z\u0142ot\u0105 odznak\u0119 biskupowi Waldemarowi Pytlowi.<\/p>\n","protected":false},"author":1,"featured_media":1463,"comment_status":"closed","ping_status":"closed","sticky":false,"template":"","format":"standard","meta":{"footnotes":""},"categories":[2,3,8],"tags":[10,40],"yoast_head":"<!-- This site is optimized with the Yoast SEO plugin v20.4 - https:\/\/yoast.com\/wordpress\/plugins\/seo\/ -->\n<title>Z\u0142ota odznaka dla biskupa - Church of Peace | EN<\/title>\n<meta name=\"robots\" content=\"index, follow, max-snippet:-1, max-image-preview:large, max-video-preview:-1\" \/>\n<link rel=\"canonical\" href=\"https:\/\/kosciolpokoju.pl\/en\/blog\/2015\/09\/11\/zlota-odznaka-dla-biskupa\/\" \/>\n<meta property=\"og:locale\" content=\"en_US\" \/>\n<meta property=\"og:type\" content=\"article\" \/>\n<meta property=\"og:title\" content=\"Z\u0142ota odznaka dla biskupa - Church of Peace | EN\" \/>\n<meta property=\"og:description\" content=\"\u201eW uznaniu szczeg\u00f3lnych zas\u0142ug za ochron\u0119 sakralnego dziedzictwa kulturowego Dolnego \u015al\u0105ska\u201d &#8211; z takim uzasadnieniem Stowarzyszenie Konserwator\u00f3w Zabytk\u00f3w przyzna\u0142o z\u0142ot\u0105 odznak\u0119 biskupowi Waldemarowi Pytlowi.\" \/>\n<meta property=\"og:url\" content=\"https:\/\/kosciolpokoju.pl\/en\/blog\/2015\/09\/11\/zlota-odznaka-dla-biskupa\/\" \/>\n<meta property=\"og:site_name\" content=\"Church of Peace | EN\" \/>\n<meta property=\"article:published_time\" content=\"2015-09-11T07:19:58+00:00\" \/>\n<meta property=\"og:image\" content=\"https:\/\/kosciolpokoju.pl\/en\/wp-content\/uploads\/sites\/2\/2015\/10\/odznaka.jpg\" \/>\n\t<meta property=\"og:image:width\" content=\"800\" \/>\n\t<meta property=\"og:image:height\" content=\"600\" \/>\n\t<meta property=\"og:image:type\" content=\"image\/jpeg\" \/>\n<meta name=\"author\" content=\"kp_admin\" \/>\n<meta name=\"twitter:card\" content=\"summary_large_image\" \/>\n<meta name=\"twitter:label1\" content=\"Written by\" \/>\n\t<meta name=\"twitter:data1\" content=\"kp_admin\" \/>\n\t<meta name=\"twitter:label2\" content=\"Est. reading time\" \/>\n\t<meta name=\"twitter:data2\" content=\"1 minute\" \/>\n<script type=\"application\/ld+json\" class=\"yoast-schema-graph\">{\"@context\":\"https:\/\/schema.org\",\"@graph\":[{\"@type\":\"WebPage\",\"@id\":\"https:\/\/kosciolpokoju.pl\/en\/blog\/2015\/09\/11\/zlota-odznaka-dla-biskupa\/\",\"url\":\"https:\/\/kosciolpokoju.pl\/en\/blog\/2015\/09\/11\/zlota-odznaka-dla-biskupa\/\",\"name\":\"Z\u0142ota odznaka dla biskupa - Church of Peace | EN\",\"isPartOf\":{\"@id\":\"https:\/\/kosciolpokoju.pl\/en\/#website\"},\"datePublished\":\"2015-09-11T07:19:58+00:00\",\"dateModified\":\"2015-09-11T07:19:58+00:00\",\"author\":{\"@id\":\"https:\/\/kosciolpokoju.pl\/en\/#\/schema\/person\/c2a0d882e00c74d5f5b7247d932e4b67\"},\"breadcrumb\":{\"@id\":\"https:\/\/kosciolpokoju.pl\/en\/blog\/2015\/09\/11\/zlota-odznaka-dla-biskupa\/#breadcrumb\"},\"inLanguage\":\"en-US\",\"potentialAction\":[{\"@type\":\"ReadAction\",\"target\":[\"https:\/\/kosciolpokoju.pl\/en\/blog\/2015\/09\/11\/zlota-odznaka-dla-biskupa\/\"]}]},{\"@type\":\"BreadcrumbList\",\"@id\":\"https:\/\/kosciolpokoju.pl\/en\/blog\/2015\/09\/11\/zlota-odznaka-dla-biskupa\/#breadcrumb\",\"itemListElement\":[{\"@type\":\"ListItem\",\"position\":1,\"name\":\"Strona g\u0142\u00f3wna\",\"item\":\"https:\/\/kosciolpokoju.pl\/en\/\"},{\"@type\":\"ListItem\",\"position\":2,\"name\":\"Z\u0142ota odznaka dla biskupa\"}]},{\"@type\":\"WebSite\",\"@id\":\"https:\/\/kosciolpokoju.pl\/en\/#website\",\"url\":\"https:\/\/kosciolpokoju.pl\/en\/\",\"name\":\"Church of Peace | EN\",\"description\":\"The largest wooden baroque church in the world!\",\"potentialAction\":[{\"@type\":\"SearchAction\",\"target\":{\"@type\":\"EntryPoint\",\"urlTemplate\":\"https:\/\/kosciolpokoju.pl\/en\/?s={search_term_string}\"},\"query-input\":\"required name=search_term_string\"}],\"inLanguage\":\"en-US\"},{\"@type\":\"Person\",\"@id\":\"https:\/\/kosciolpokoju.pl\/en\/#\/schema\/person\/c2a0d882e00c74d5f5b7247d932e4b67\",\"name\":\"kp_admin\",\"image\":{\"@type\":\"ImageObject\",\"inLanguage\":\"en-US\",\"@id\":\"https:\/\/kosciolpokoju.pl\/en\/#\/schema\/person\/image\/\",\"url\":\"https:\/\/secure.gravatar.com\/avatar\/6459403e851d85c16b37c14a00da5fa2?s=96&d=mm&r=g\",\"contentUrl\":\"https:\/\/secure.gravatar.com\/avatar\/6459403e851d85c16b37c14a00da5fa2?s=96&d=mm&r=g\",\"caption\":\"kp_admin\"},\"url\":\"https:\/\/kosciolpokoju.pl\/en\/blog\/author\/admin\/\"}]}<\/script>\n<!-- \/ Yoast SEO plugin. -->","yoast_head_json":{"title":"Z\u0142ota odznaka dla biskupa - Church of Peace | EN","robots":{"index":"index","follow":"follow","max-snippet":"max-snippet:-1","max-image-preview":"max-image-preview:large","max-video-preview":"max-video-preview:-1"},"canonical":"https:\/\/kosciolpokoju.pl\/en\/blog\/2015\/09\/11\/zlota-odznaka-dla-biskupa\/","og_locale":"en_US","og_type":"article","og_title":"Z\u0142ota odznaka dla biskupa - Church of Peace | EN","og_description":"\u201eW uznaniu szczeg\u00f3lnych zas\u0142ug za ochron\u0119 sakralnego dziedzictwa kulturowego Dolnego \u015al\u0105ska\u201d &#8211; z takim uzasadnieniem Stowarzyszenie Konserwator\u00f3w Zabytk\u00f3w przyzna\u0142o z\u0142ot\u0105 odznak\u0119 biskupowi Waldemarowi Pytlowi.","og_url":"https:\/\/kosciolpokoju.pl\/en\/blog\/2015\/09\/11\/zlota-odznaka-dla-biskupa\/","og_site_name":"Church of Peace | EN","article_published_time":"2015-09-11T07:19:58+00:00","og_image":[{"width":800,"height":600,"url":"https:\/\/kosciolpokoju.pl\/en\/wp-content\/uploads\/sites\/2\/2015\/10\/odznaka.jpg","type":"image\/jpeg"}],"author":"kp_admin","twitter_card":"summary_large_image","twitter_misc":{"Written by":"kp_admin","Est. reading time":"1 minute"},"schema":{"@context":"https:\/\/schema.org","@graph":[{"@type":"WebPage","@id":"https:\/\/kosciolpokoju.pl\/en\/blog\/2015\/09\/11\/zlota-odznaka-dla-biskupa\/","url":"https:\/\/kosciolpokoju.pl\/en\/blog\/2015\/09\/11\/zlota-odznaka-dla-biskupa\/","name":"Z\u0142ota odznaka dla biskupa - Church of Peace | EN","isPartOf":{"@id":"https:\/\/kosciolpokoju.pl\/en\/#website"},"datePublished":"2015-09-11T07:19:58+00:00","dateModified":"2015-09-11T07:19:58+00:00","author":{"@id":"https:\/\/kosciolpokoju.pl\/en\/#\/schema\/person\/c2a0d882e00c74d5f5b7247d932e4b67"},"breadcrumb":{"@id":"https:\/\/kosciolpokoju.pl\/en\/blog\/2015\/09\/11\/zlota-odznaka-dla-biskupa\/#breadcrumb"},"inLanguage":"en-US","potentialAction":[{"@type":"ReadAction","target":["https:\/\/kosciolpokoju.pl\/en\/blog\/2015\/09\/11\/zlota-odznaka-dla-biskupa\/"]}]},{"@type":"BreadcrumbList","@id":"https:\/\/kosciolpokoju.pl\/en\/blog\/2015\/09\/11\/zlota-odznaka-dla-biskupa\/#breadcrumb","itemListElement":[{"@type":"ListItem","position":1,"name":"Strona g\u0142\u00f3wna","item":"https:\/\/kosciolpokoju.pl\/en\/"},{"@type":"ListItem","position":2,"name":"Z\u0142ota odznaka dla biskupa"}]},{"@type":"WebSite","@id":"https:\/\/kosciolpokoju.pl\/en\/#website","url":"https:\/\/kosciolpokoju.pl\/en\/","name":"Church of Peace | EN","description":"The largest wooden baroque church in the world!","potentialAction":[{"@type":"SearchAction","target":{"@type":"EntryPoint","urlTemplate":"https:\/\/kosciolpokoju.pl\/en\/?s={search_term_string}"},"query-input":"required name=search_term_string"}],"inLanguage":"en-US"},{"@type":"Person","@id":"https:\/\/kosciolpokoju.pl\/en\/#\/schema\/person\/c2a0d882e00c74d5f5b7247d932e4b67","name":"kp_admin","image":{"@type":"ImageObject","inLanguage":"en-US","@id":"https:\/\/kosciolpokoju.pl\/en\/#\/schema\/person\/image\/","url":"https:\/\/secure.gravatar.com\/avatar\/6459403e851d85c16b37c14a00da5fa2?s=96&d=mm&r=g","contentUrl":"https:\/\/secure.gravatar.com\/avatar\/6459403e851d85c16b37c14a00da5fa2?s=96&d=mm&r=g","caption":"kp_admin"},"url":"https:\/\/kosciolpokoju.pl\/en\/blog\/author\/admin\/"}]}},"_links":{"self":[{"href":"https:\/\/kosciolpokoju.pl\/en\/wp-json\/wp\/v2\/posts\/1464"}],"collection":[{"href":"https:\/\/kosciolpokoju.pl\/en\/wp-json\/wp\/v2\/posts"}],"about":[{"href":"https:\/\/kosciolpokoju.pl\/en\/wp-json\/wp\/v2\/types\/post"}],"author":[{"embeddable":true,"href":"https:\/\/kosciolpokoju.pl\/en\/wp-json\/wp\/v2\/users\/1"}],"replies":[{"embeddable":true,"href":"https:\/\/kosciolpokoju.pl\/en\/wp-json\/wp\/v2\/comments?post=1464"}],"version-history":[{"count":0,"href":"https:\/\/kosciolpokoju.pl\/en\/wp-json\/wp\/v2\/posts\/1464\/revisions"}],"wp:featuredmedia":[{"embeddable":true,"href":"https:\/\/kosciolpokoju.pl\/en\/wp-json\/wp\/v2\/media\/1463"}],"wp:attachment":[{"href":"https:\/\/kosciolpokoju.pl\/en\/wp-json\/wp\/v2\/media?parent=1464"}],"wp:term":[{"taxonomy":"category","embeddable":true,"href":"https:\/\/kosciolpokoju.pl\/en\/wp-json\/wp\/v2\/categories?post=1464"},{"taxonomy":"post_tag","embeddable":true,"href":"https:\/\/kosciolpokoju.pl\/en\/wp-json\/wp\/v2\/tags?post=1464"}],"curies":[{"name":"wp","href":"https:\/\/api.w.org\/{rel}","templated":true}]}}